{"id":1629,"date":"2018-07-12T11:52:48","date_gmt":"2018-07-12T09:52:48","guid":{"rendered":"https:\/\/www.weparkgroup.com\/blog\/?p=1629"},"modified":"2018-12-05T08:32:44","modified_gmt":"2018-12-05T07:32:44","slug":"como-puede-afectarme-una-huelga-aerea","status":"publish","type":"post","link":"https:\/\/www.weparkgroup.com\/blog\/como-puede-afectarme-una-huelga-aerea\/","title":{"rendered":"\u00bfC\u00f3mo puede afectarme una huelga a\u00e9rea?"},"content":{"rendered":"<p>Dos de las compa\u00f1\u00edas a\u00e9reas que m\u00e1s conocemos, como son Iberia y Ryanair, han anunciado por parte de sus 6000 tripulantes de cabina de Espa\u00f1a, B\u00e9lgica, Portugal, e Italia, que har\u00e1n una huelga los pr\u00f3ximos 25 y 26 de julio. En estas fechas cr\u00edticas en las que muchos tienen planificadas las vacaciones, la alerta es m\u00e1xima al desconocer si el vuelo solicitado se acoger\u00e1 a este derecho y, por lo tanto, se ver\u00e1 afectado.<br \/>\nLas compa\u00f1\u00edas han comunicado que se notificar\u00e1 a los viajeros sobre el estado de su vuelo y si ser\u00e1 cancelado o no, pero mientras no se sepa, son muchas las inseguridades. <\/p>\n<p>En caso de que esto suceda, primero de todo mant\u00e9n la calma, y posteriormente, lee las siguientes indicaciones que pueden ayudarte a minimizar los da\u00f1os de tu desplazamiento en esas fechas:<\/p>\n<p><strong>Si tu vuelo es cancelado<\/strong><br \/>\nEn caso de que tu vuelo sea uno de los afectados con su cancelaci\u00f3n y huelga, puedes reclamar. Adem\u00e1s de a la propia aerol\u00ednea y con reportes econ\u00f3micos, el reglamento europeo CE 261\/2004 marca compensaciones en el caso de que eso suceda. No solo ello, tambi\u00e9n puedes solicitar un transporte alternativo o el propio reembolso del billete. Destacar que la aerol\u00ednea tambi\u00e9n se har\u00e1 cargo de los gastos de asistencia. <\/p>\n<p>Como usuario afectado, tambi\u00e9n puedes reclamar indemnizaciones por da\u00f1os y perjuicios -alojamiento y actividades-, demostrando que no son factores reembolsables.<\/p>\n<p><strong>Compensaci\u00f3n econ\u00f3mica<\/strong><br \/>\nEl dinero que se puede reclamar depender\u00e1 tambi\u00e9n de la distancia que recorrer\u00eda tu vuelo. Ryanair opera de corta a media distancia, as\u00ed que su compensaci\u00f3n asciende a 250 euros si se considera una distancia de menos de 1500 km y 400 euros si supera esta cifra y con un m\u00e1ximo de 3000 km. <\/p>\n<p>La compa\u00f1\u00eda puede ofrecer un vuelo alternativo, pero est\u00e1s en tu pleno derecho de aceptarlo o no. Si decides no hacerlo, puedes solicitar el reembolso de tu billete y de la indemnizaci\u00f3n. En el caso de s\u00ed aceptarlo, tambi\u00e9n podr\u00e1s solicitar la indemnizaci\u00f3n pero no el reembolso del billete. <\/p>\n<p><strong>\u00bfSiempre puedo reclamar?<\/strong><br \/>\nRyanair podr\u00e1 acogerse a tres excepciones por las que no indemnizar a los afectados por la huelga:<br \/>\nLa compa\u00f1\u00eda podr\u00e1 avisarte con un m\u00ednimo de 15 d\u00edas de que tu vuelo ser\u00e1 cancelado, por lo que esta notificaci\u00f3n le exenta de indemnizaci\u00f3n.<br \/>\nSi el aviso est\u00e1 entre 7 y 15 d\u00edas, se puede ofrecer un transporte alternativo con el que puedas realizar tu viaje y respetando unos horarios parecidos a los que ten\u00edas con tu vuelo: no podr\u00edas salir con m\u00e1s de dos horas de antelaci\u00f3n ni considerar un retraso de m\u00e1s de cuatro horas.<br \/>\nSi la notificaci\u00f3n llega con menos de 7 d\u00edas de antelaci\u00f3n, pero la propuesta de transporte alternativo sale con no m\u00e1s de una hora de antelaci\u00f3n y llega al destino con menos de dos horas de retraso respecto a la hora establecida. <\/p>\n<p><strong>\u00bfDe qu\u00e9 manera puedo reclamar?<\/strong><br \/>\nA trav\u00e9s de la web de la compa\u00f1\u00eda, puedes encontrar diferentes v\u00edas para contactar con ellos. Si accedes a su apartado de Atenci\u00f3n al Cliente, podr\u00e1s efectuar la reclamaci\u00f3n mediante un cuestionario online y correo postal. Tambi\u00e9n, de manera f\u00edsica, puedes solicitar las hojas de reclamaciones que la compa\u00f1\u00eda facilita a trav\u00e9s de los mostradores de informaci\u00f3n de los aeropuertos. <\/p>\n<p><strong>\u00bfQu\u00e9 debo tener en cuenta?<\/strong><br \/>\nPara obtener el reembolso \u00edntegro del billete, se puede solicitar en un plazo m\u00e1ximo de 7 d\u00edas.<br \/>\nLos reembolsos se efectuar\u00e1n en 7 d\u00edas, las reclamaciones en 15 d\u00edas y otro tipo de reclamaciones y compensaciones, en un plazo de 10 d\u00edas. <\/p>\n<p><strong>Otras huelgas similares<\/strong><br \/>\nYa el pasado mes de Octubre se vivi\u00f3 <a href=\"https:\/\/www.weparkgroup.com\/blog\/la-huelga-de-controladores-aereos-franceses-cancela-vuelos-en-mitad-del-puente-de-octubre\/\">una huelga a\u00e9rea<\/a> que dej\u00f3 a 18 vuelos sin efectuar su salida con destino aeropuerto Alicante-Elche.<br \/>\nLa cifra sum\u00f3 un total de 212 vuelos cancelados por toda Espa\u00f1a, afectando tambi\u00e9n al resto de Europa. El motivo de la misma es como la prevista para los pr\u00f3ximos d\u00edas de julio: mejorar las condiciones laborales. <\/p>\n<p><strong>Planes alternativos<\/strong><br \/>\nSi eres uno de los afectados por esta huelga a\u00e9rea, no te preocupes. Mant\u00e9n la calma porque seguramente vas a poder seguir disfrutando de tus vacaciones con planes alternativos.<br \/>\nEn Julio podr\u00e1s encontrar diferentes festividades, actividades o eventos que te resultar\u00e1n interesantes y quiz\u00e1s puedas desplazarte hacia ellos sin necesidad de utilizar el transporte a\u00e9reo.<br \/>\nEl sol y las buenas temperaturas te invitan a relacionarte con tus amigos o familiares y apostar por unos d\u00edas de desconexi\u00f3n donde lo importante, m\u00e1s que el destino, es el propio plan. <\/p>\n<p>En ocasiones surgen imprevistos que no entraban dentro de nuestros pron\u00f3sticos, pero nosotros en <a href=\"https:\/\/www.weparkgroup.com\/\">We Park<\/a> podemos asegurarte la vigilancia de tu coche 24 horas mientras efect\u00faas tu viaje. Aunque hayas podido vivir la huelga a\u00e9rea, seguro que has sabido disfrutar al m\u00e1ximo de la experiencia y tienes en mente la planificaci\u00f3n de la siguiente. Pase lo que pase, nosotros seguimos contando contigo para tu pr\u00f3xima escapada. <\/p>\n","protected":false},"excerpt":{"rendered":"<p>Dos de las compa\u00f1\u00edas a\u00e9reas que m\u00e1s conocemos, como son Iberia y Ryanair, han anunciado por parte de sus 6000 tripulantes de cabina de Espa\u00f1a, B\u00e9lgica, Portugal, e Italia, que har\u00e1n una huelga los pr\u00f3ximos 25 y 26 de julio. En estas fechas cr\u00edticas en las que muchos tienen planificadas las vacaciones, la alerta es [&hellip;]<\/p>\n","protected":false},"author":4,"featured_media":1630,"comment_status":"open","ping_status":"open","sticky":false,"template":"","format":"standard","meta":[],"categories":[37,21],"tags":[],"_links":{"self":[{"href":"https:\/\/www.weparkgroup.com\/blog\/wp-json\/wp\/v2\/posts\/1629"}],"collection":[{"href":"https:\/\/www.weparkgroup.com\/blog\/wp-json\/wp\/v2\/posts"}],"about":[{"href":"https:\/\/www.weparkgroup.com\/blog\/wp-json\/wp\/v2\/types\/post"}],"author":[{"embeddable":true,"href":"https:\/\/www.weparkgroup.com\/blog\/wp-json\/wp\/v2\/users\/4"}],"replies":[{"embeddable":true,"href":"https:\/\/www.weparkgroup.com\/blog\/wp-json\/wp\/v2\/comments?post=1629"}],"version-history":[{"count":1,"href":"https:\/\/www.weparkgroup.com\/blog\/wp-json\/wp\/v2\/posts\/1629\/revisions"}],"predecessor-version":[{"id":1631,"href":"https:\/\/www.weparkgroup.com\/blog\/wp-json\/wp\/v2\/posts\/1629\/revisions\/1631"}],"wp:featuredmedia":[{"embeddable":true,"href":"https:\/\/www.weparkgroup.com\/blog\/wp-json\/wp\/v2\/media\/1630"}],"wp:attachment":[{"href":"https:\/\/www.weparkgroup.com\/blog\/wp-json\/wp\/v2\/media?parent=1629"}],"wp:term":[{"taxonomy":"category","embeddable":true,"href":"https:\/\/www.weparkgroup.com\/blog\/wp-json\/wp\/v2\/categories?post=1629"},{"taxonomy":"post_tag","embeddable":true,"href":"https:\/\/www.weparkgroup.com\/blog\/wp-json\/wp\/v2\/tags?post=1629"}],"curies":[{"name":"wp","href":"https:\/\/api.w.org\/{rel}","templated":true}]}}